{"id":1605,"date":"2020-10-06T08:00:00","date_gmt":"2020-10-06T07:00:00","guid":{"rendered":"https:\/\/bscdebrecen.com\/?p=1605"},"modified":"2020-10-16T07:20:51","modified_gmt":"2020-10-16T06:20:51","slug":"atadtak-a-debreceni-egyetem-informatikai-kar-vadonatuj-az-epam-tamogatasaval-felszerelt-korszeru-szamitogeptermet","status":"publish","type":"post","link":"https:\/\/bscdebrecen.com\/hu\/2020\/10\/06\/atadtak-a-debreceni-egyetem-informatikai-kar-vadonatuj-az-epam-tamogatasaval-felszerelt-korszeru-szamitogeptermet\/","title":{"rendered":"\u00c1TADT\u00c1K A DEBRECENI EGYETEM INFORMATIKAI KAR VADONAT\u00daJ, AZ EPAM T\u00c1MOGAT\u00c1S\u00c1VAL FELSZERELT KORSZER\u0170 SZ\u00c1M\u00cdT\u00d3G\u00c9PTERM\u00c9T"},"content":{"rendered":"\n<p class=\"wp-block-paragraph\"><strong><em>A Debreceni Egyetem \u00faj \u00e9p\u00fcletsz\u00e1rny\u00e1ban hivatalosan \u00e1tadt\u00e1k azt a termet, melyet teljes eg\u00e9sz\u00e9ben az EPAM Systems Kft., &#8211; a vil\u00e1g vezet\u0151 szoftverfejleszt\u0151 c\u00e9g\u00e9nek hazai le\u00e1nya &#8211; szerelt fel adom\u00e1nyk\u00e9nt sz\u00e1m\u00edt\u00f3g\u00e9pekkel, monitorokkal, projektorral. A most \u00e1tadott EPAM-terem r\u00e9v\u00e9n meghat\u00e1roz\u00f3 m\u00e9rf\u00f6ldk\u0151h\u00f6z \u00e9rkezett az egyetem \u00e9s a c\u00e9g t\u00f6bb\u00e9ves k\u00f6z\u00f6s munk\u00e1ja.<\/em><\/strong><\/p>\n\n\n\n<p class=\"wp-block-paragraph\">Az EPAM \u00e9s a Debreceni Egyetem egy\u00fcttm\u0171k\u00f6d\u00e9se \u00e9vtizedes m\u00faltra tekint vissza, most magasabb szintre emelt\u00e9k az els\u0151sorban oktat\u00e1son alapul\u00f3 kapcsolatot. M\u00e9g tavaly indult a k\u00f6z\u00f6s gondolkod\u00e1s, melynek eredm\u00e9nyek\u00e9nt \u00e1tadt\u00e1k az egyetem \u00faj \u00e9p\u00fcletr\u00e9sz\u00e9ben az EPAM-termet, ezzel is t\u00e1mogatva az informatikusk\u00e9pz\u00e9st. Az itt tanul\u00f3 hallgat\u00f3k a legmodernebb, az EPAM diz\u00e1jnerei \u00e1ltal kialak\u00edtott k\u00f6rnyezetben, 20 vadonat\u00faj, korszer\u0171 asztali sz\u00e1m\u00edt\u00f3g\u00e9p \u00e9s monitor, illetve projektor seg\u00edts\u00e9g\u00e9vel tanulhatnak, val\u00f3s\u00edthatnak meg saj\u00e1t, egyedi projekteket.<\/p>\n\n\n\n<p class=\"wp-block-paragraph\">Papp L\u00e1szl\u00f3, Debrecen polg\u00e1rmestere az egy\u00fcttm\u0171k\u00f6d\u00e9s kapcs\u00e1n kifejtette:<em> \u201eAz EPAM fontos szerepl\u0151je az informatikai szektornak a v\u00e1rosban. A c\u00e9g az elm\u00falt \u00e9vekben folyamatosan fejlesztette kapacit\u00e1s\u00e1t, \u00e9s egyre t\u00f6bb debreceni szakembernek ad munk\u00e1t. A v\u00e1llalat \u00e9s az egyetem kapcsolata pedig az\u00e9rt is jelent\u0151s, mert a hallgat\u00f3k \u00e9s a tov\u00e1bbtanul\u00e1s el\u0151tt \u00e1ll\u00f3 fiatalok is l\u00e1tj\u00e1k, hogy Debrecenben van perspekt\u00edva.\u201d<\/em><\/p>\n\n\n\n<p class=\"wp-block-paragraph\">B\u00e1cs Zolt\u00e1n, a Debreceni Egyetem kancell\u00e1rja az egy\u00fcttm\u0171k\u00f6d\u00e9s kapcs\u00e1n elmondta, hogy az j\u00f3l illeszkedik az int\u00e9zm\u00e9ny strat\u00e9giai c\u00e9lkit\u0171z\u00e9seihez, amelyek r\u00e9szben a t\u00e9rs\u00e9g gazdas\u00e1gfejleszt\u00e9si t\u00f6rekv\u00e9seit szolg\u00e1lj\u00e1k. <em>A Debreceni Egyetem az elm\u00falt \u00e9vekben a v\u00e1rosba telep\u00fcl\u0151 m\u0171szaki, informatikai \u00e9s j\u00e1rm\u0171ipari v\u00e1llalatok nyom\u00e1n jelent\u0151s fejleszt\u00e9seket kezdett, hogy megfelel\u0151 mennyis\u00e9g\u0171 \u00e9s szaktud\u00e1s\u00fa hallgat\u00f3t tudjon k\u00e9pezni a felmer\u00fcl\u0151 ig\u00e9nyek fedez\u00e9s\u00e9re. Az ehhez sz\u00fcks\u00e9ges korszer\u0171 m\u0171szaki, informatikai, term\u00e9szettudom\u00e1nyi oktat\u00e1st kiszolg\u00e1l\u00f3 infrastrukt\u00fara-fejleszt\u00e9s mintap\u00e9ld\u00e1ja az Informatikai Kar tet\u0151t\u00e9rbe\u00e9p\u00edt\u00e9se, de eml\u00edthetj\u00fck a M\u0171szaki Kar campus\u00e1nak b\u0151v\u00edt\u00e9s\u00e9t, a Term\u00e9szettudom\u00e1nyi \u00e9s Technol\u00f3giai Kar \u00e9p\u00fclet\u00e9nek fel\u00faj\u00edt\u00e1s\u00e1t, vagy a j\u00e1rm\u0171ipari kutat\u00f3laborat\u00f3rium l\u00e9trehoz\u00e1s\u00e1t <\/em>\u2013 sorolta B\u00e1cs Zolt\u00e1n.<\/p>\n\n\n\n<p class=\"wp-block-paragraph\">Az EPAM \u00e9s a Debreceni Egyetem k\u00f6zti er\u0151s kapcsolatot jellemzi, hogy az elm\u00falt 10 \u00e9vben az EPAM t\u00f6bb mint 30 munkat\u00e1rsa tartott el\u0151ad\u00e1sokat, kurzusokat &#8211; f\u0151k\u00e9nt szoftverfejleszt\u00e9s alapjai, szoftvertesztel\u00e9s \u00e9s tesztautomatiz\u00e1l\u00e1s t\u00e9m\u00e1kban -, ezen fel\u00fcl voltak kifejezetten a c\u00e9g tapasztalt szakemberei \u00e1ltal tartott tant\u00e1rgyak is.<\/p>\n\n\n\n<p class=\"wp-block-paragraph\"><em>A Debreceni Egyetem Informatikai Kar\u00e1nak fontos c\u00e9lkit\u0171z\u00e9se, hogy az itt v\u00e9gzett hallgat\u00f3k ismerj\u00e9k az ipar\u00e1gban haszn\u00e1lt legkorszer\u0171bb technol\u00f3gi\u00e1kat, naprak\u00e9sz tud\u00e1s birtok\u00e1ban szerezzenek diplom\u00e1t. \u00c9ppen ez\u00e9rt van meghat\u00e1roz\u00f3 szerepe az \u00e9l\u0151 kapcsolatoknak a t\u00e9rs\u00e9gben m\u0171k\u00f6d\u0151 v\u00e1llalatokkal. Ezek a c\u00e9gek megismertetik a leg\u00fajabb ipar\u00e1gi trendeket hallgat\u00f3kkal, akik k\u00f6z\u00fcl ker\u00fclnek ki leend\u0151 munkav\u00e1llal\u00f3ik. A most \u00e1tadott g\u00e9pterem nagym\u00e9rt\u00e9kben hozz\u00e1j\u00e1rul ennek a c\u00e9lnek az el\u00e9r\u00e9s\u00e9hez \u2013 <\/em>hangs\u00falyozta Hajdu Andr\u00e1s, a Debreceni Egyetem Informatikai Kar\u00e1nak d\u00e9k\u00e1nja.<\/p>\n\n\n\n<figure class=\"wp-block-image size-large\"><img data-recalc-dims=\"1\" loading=\"lazy\" decoding=\"async\" width=\"750\" height=\"500\" data-attachment-id=\"1608\" data-permalink=\"https:\/\/bscdebrecen.com\/hu\/2020\/10\/06\/atadtak-a-debreceni-egyetem-informatikai-kar-vadonatuj-az-epam-tamogatasaval-felszerelt-korszeru-szamitogeptermet\/deik20200922-17\/\" data-orig-file=\"https:\/\/i0.wp.com\/bscdebrecen.com\/wp-content\/uploads\/2020\/10\/DEIK20200922-17.jpg?fit=5007%2C3338&amp;ssl=1\" data-orig-size=\"5007,3338\" data-comments-opened=\"1\" data-image-meta=\"{&quot;aperture&quot;:&quot;0&quot;,&quot;credit&quot;:&quot;&quot;,&quot;camera&quot;:&quot;&quot;,&quot;caption&quot;:&quot;&quot;,&quot;created_timestamp&quot;:&quot;1600772521&quot;,&quot;copyright&quot;:&quot;&quot;,&quot;focal_length&quot;:&quot;0&quot;,&quot;iso&quot;:&quot;0&quot;,&quot;shutter_speed&quot;:&quot;0&quot;,&quot;title&quot;:&quot;&quot;,&quot;orientation&quot;:&quot;1&quot;}\" data-image-title=\"DEIK20200922-17\" data-image-description=\"\" data-image-caption=\"\" data-large-file=\"https:\/\/i0.wp.com\/bscdebrecen.com\/wp-content\/uploads\/2020\/10\/DEIK20200922-17.jpg?fit=750%2C500&amp;ssl=1\" src=\"https:\/\/i0.wp.com\/bscdebrecen.com\/wp-content\/uploads\/2020\/10\/DEIK20200922-17.jpg?resize=750%2C500&#038;ssl=1\" alt=\"\" class=\"wp-image-1608\" srcset=\"https:\/\/i0.wp.com\/bscdebrecen.com\/wp-content\/uploads\/2020\/10\/DEIK20200922-17.jpg?resize=1024%2C683&amp;ssl=1 1024w, https:\/\/i0.wp.com\/bscdebrecen.com\/wp-content\/uploads\/2020\/10\/DEIK20200922-17.jpg?resize=300%2C200&amp;ssl=1 300w, https:\/\/i0.wp.com\/bscdebrecen.com\/wp-content\/uploads\/2020\/10\/DEIK20200922-17.jpg?resize=768%2C512&amp;ssl=1 768w, https:\/\/i0.wp.com\/bscdebrecen.com\/wp-content\/uploads\/2020\/10\/DEIK20200922-17.jpg?resize=1536%2C1024&amp;ssl=1 1536w, https:\/\/i0.wp.com\/bscdebrecen.com\/wp-content\/uploads\/2020\/10\/DEIK20200922-17.jpg?resize=2048%2C1365&amp;ssl=1 2048w, https:\/\/i0.wp.com\/bscdebrecen.com\/wp-content\/uploads\/2020\/10\/DEIK20200922-17.jpg?resize=16%2C12&amp;ssl=1 16w, https:\/\/i0.wp.com\/bscdebrecen.com\/wp-content\/uploads\/2020\/10\/DEIK20200922-17.jpg?resize=1200%2C800&amp;ssl=1 1200w, https:\/\/i0.wp.com\/bscdebrecen.com\/wp-content\/uploads\/2020\/10\/DEIK20200922-17.jpg?resize=1568%2C1045&amp;ssl=1 1568w, https:\/\/i0.wp.com\/bscdebrecen.com\/wp-content\/uploads\/2020\/10\/DEIK20200922-17.jpg?w=2250&amp;ssl=1 2250w\" sizes=\"auto, (max-width: 750px) 100vw, 750px\" \/><\/figure>\n\n\n\n<p class=\"wp-block-paragraph\">A most kezd\u0151d\u0151 tan\u00e9vben \u00fajabb k\u00e9pz\u00e9ssel b\u0151v\u00fcl a paletta: magasszint\u0171 webfejleszt\u00e9st \u00e9s szoftverfejleszt\u00e9si m\u00f3dszertanokat is oktat az EPAM.&nbsp; B\u00e1r f\u0151k\u00e9nt az informatikus szakok hallgat\u00f3i \u00e9lvezhett\u00e9k az egy\u00fcttm\u0171k\u00f6d\u00e9s el\u0151nyeit, az EPAM a teljesen elt\u00e9r\u0151 tematik\u00e1j\u00fa szakok \u00e9rdekl\u0151d\u0151 di\u00e1kjait is sz\u00edvesen fogadja. Mindemellett az oktat\u00e1s folytonoss\u00e1g\u00e1\u00e9rt a tan\u00e1rk\u00e9pz\u00e9si program keret\u00e9ben hivat\u00e1sos egyetemi oktat\u00f3kat is k\u00e9peznek, hogy az EPAM \u00e1ltal ind\u00edtott t\u00e1rgyakat tov\u00e1bbvihess\u00e9k. Mindezeken fel\u00fcl pr\u00f3bainterj\u00fak \u00e9s m\u00e9g \u00f6n\u00e9letrajz\u00edr\u00e1si tan\u00e1csad\u00e1s is t\u00e1mogatja a leend\u0151 informatikusokat, \u00e9s amint lehet, irodal\u00e1togat\u00e1s form\u00e1j\u00e1ban az EPAM ism\u00e9t megnyitja &#8211; imm\u00e1r az \u00faj -irod\u00e1t, nem csak a hallgat\u00f3k, hanem \u00e1ltal\u00e1nos- \u00e9s k\u00f6z\u00e9piskol\u00e1s di\u00e1koknak is.<\/p>\n\n\n\n<p class=\"wp-block-paragraph\"><em>A k\u00e9pz\u00e9seken t\u00fal az elm\u00falt t\u00edz \u00e9v sor\u00e1n t\u00f6bbsz\u00e1z hallgat\u00f3 sz\u00e1m\u00e1ra biztos\u00edtottunk lehet\u0151s\u00e9get, hogy \u00e9lesben belel\u00e1ssanak egy nemzek\u00f6zi szoftverc\u00e9g \u00e9let\u00e9be, sokan \u00edrt\u00e1k n\u00e1lunk a szakdolgozatukat, vannak olyanok is, az EPAM-ban t\u00f6lthett\u00e9k gyakorlati idej\u00fcket. Az egyetem megadja az er\u0151s alapokat, mi pedig ehhez hozz\u00e1adjuk a leg\u00fajabb technol\u00f3giai ismeretet \u2013 \u00edgy piack\u00e9pes tud\u00e1ssal rendelkez\u0151 szakemberek l\u00e9pnek ki a munkaer\u0151piacra. <\/em>\u2013 tette hozz\u00e1 Vink\u00f3 Bence, az EPAM \u00fcgyvezet\u0151 igazgat\u00f3ja.<\/p>\n\n\n\n<p class=\"wp-block-paragraph\">Az egyetem \u00e9s a c\u00e9g k\u00f6z\u00f6s eredm\u00e9nye, hogy az EPAM-n\u00e1l ma t\u00f6bb mint 60 olyan informatikus dolgozik, aki a Debreceni Egyetemet tudhatja alma mater\u00e9nek, emellett az EPAM Mentorprogram r\u00e9sztvev\u0151i k\u00f6z\u00fcl is sokan az egyetemen tanulnak. A modern \u00e9s teljesen \u00faj eszk\u00f6z\u00f6kkel felszerelt, kialak\u00edtott terem az eddigi, oktat\u00e1sf\u00f3kusz\u00fa egy\u00fcttm\u0171k\u00f6d\u00e9s ut\u00e1n \u00faj t\u00e1vlatokat nyit a c\u00e9g \u00e9s az egyetem k\u00f6z\u00f6tt.<\/p>\n","protected":false},"excerpt":{"rendered":"<p>A Debreceni Egyetem \u00faj \u00e9p\u00fcletsz\u00e1rny\u00e1ban hivatalosan \u00e1tadt\u00e1k azt a termet, melyet teljes eg\u00e9sz\u00e9ben az EPAM Systems Kft., &#8211; a vil\u00e1g vezet\u0151 szoftverfejleszt\u0151 c\u00e9g\u00e9nek hazai le\u00e1nya &#8211; szerelt fel adom\u00e1nyk\u00e9nt sz\u00e1m\u00edt\u00f3g\u00e9pekkel, monitorokkal, projektorral. A most \u00e1tadott EPAM-terem r\u00e9v\u00e9n meghat\u00e1roz\u00f3 m\u00e9rf\u00f6ldk\u0151h\u00f6z \u00e9rkezett az egyetem \u00e9s a c\u00e9g t\u00f6bb\u00e9ves k\u00f6z\u00f6s munk\u00e1ja. Az EPAM \u00e9s a Debreceni Egyetem egy\u00fcttm\u0171k\u00f6d\u00e9se<a class=\"more-link\" href=\"https:\/\/bscdebrecen.com\/hu\/2020\/10\/06\/atadtak-a-debreceni-egyetem-informatikai-kar-vadonatuj-az-epam-tamogatasaval-felszerelt-korszeru-szamitogeptermet\/\">B\u0151vebben: <span class=\"screen-reader-text\">&#8222;\u00c1TADT\u00c1K A DEBRECENI EGYETEM INFORMATIKAI KAR VADONAT\u00daJ, AZ EPAM T\u00c1MOGAT\u00c1S\u00c1VAL FELSZERELT KORSZER\u0170 SZ\u00c1M\u00cdT\u00d3G\u00c9PTERM\u00c9T&#8221;<\/span><\/a><\/p>\n","protected":false},"author":180967774,"featured_media":1606,"comment_status":"closed","ping_status":"open","sticky":false,"template":"","format":"standard","meta":{"_coblocks_attr":"","_coblocks_dimensions":"","_coblocks_responsive_height":"","_coblocks_accordion_ie_support":"","_jetpack_newsletter_access":"","_jetpack_dont_email_post_to_subs":false,"_jetpack_newsletter_tier_id":0,"_jetpack_memberships_contains_paywalled_content":false,"_wpcom_ai_launchpad_first_post":false,"_jetpack_feature_clip_id":0,"_jetpack_memberships_contains_paid_content":false,"footnotes":"","jetpack_publicize_message":"{title}\n\n{excerpt}\n\n{url}","jetpack_publicize_feature_enabled":true,"jetpack_social_post_already_shared":true,"jetpack_social_options":{"image_generator_settings":{"template":"highway","default_image_id":0,"font":"","enabled":false},"version":2},"_wpas_customize_per_network":false,"jetpack_post_was_ever_published":false},"categories":[1],"tags":[1486,1379,1493,1383,1490,1491,1488,1489,1384,1492],"class_list":["post-1605","post","type-post","status-publish","format-standard","has-post-thumbnail","hentry","category-uncategorized","tag-uzleti-szolgaltato-szektor","tag-dbsc","tag-dbsc-kerekasztal","tag-debrecenbsc","tag-debreceni-egyetem","tag-debreceni-egyetem-informatikai-kar","tag-epam","tag-informatikai-kar","tag-kerekasztal","tag-szamitogepterem","entry"],"yoast_head":"<!-- This site is optimized with the Yoast SEO plugin v28.4 - https:\/\/yoast.com\/product\/yoast-seo-wordpress\/ -->\n<title>\u00c1TADT\u00c1K A DEBRECENI EGYETEM INFORMATIKAI KAR VADONAT\u00daJ, AZ EPAM T\u00c1MOGAT\u00c1S\u00c1VAL FELSZERELT KORSZER\u0170 SZ\u00c1M\u00cdT\u00d3G\u00c9PTERM\u00c9T &#8211; DEBRECEN BUSINESS SERVICE CENTERS<\/title>\n<meta name=\"description\" content=\"A Debrecen Business Service Centers Kerekasztal egy egy\u00fcttm\u0171k\u00f6d\u00e9si meg\u00e1llapod\u00e1s Debrecenben jelen l\u00e9v\u0151 \u00fczelti szolg\u00e1ltat\u00f3 szektorban akt\u00edv c\u00e9gek k\u00f6z\u00f6tt.\" \/>\n<meta name=\"robots\" content=\"index, follow, max-snippet:-1, max-image-preview:large, max-video-preview:-1\" \/>\n<link rel=\"canonical\" href=\"https:\/\/bscdebrecen.com\/hu\/2020\/10\/06\/atadtak-a-debreceni-egyetem-informatikai-kar-vadonatuj-az-epam-tamogatasaval-felszerelt-korszeru-szamitogeptermet\/\" \/>\n<meta property=\"og:locale\" content=\"hu_HU\" \/>\n<meta property=\"og:type\" content=\"article\" \/>\n<meta property=\"og:title\" content=\"\u00c1TADT\u00c1K A DEBRECENI EGYETEM INFORMATIKAI KAR VADONAT\u00daJ, AZ EPAM T\u00c1MOGAT\u00c1S\u00c1VAL FELSZERELT KORSZER\u0170 SZ\u00c1M\u00cdT\u00d3G\u00c9PTERM\u00c9T &#8211; DEBRECEN BUSINESS SERVICE CENTERS\" \/>\n<meta property=\"og:description\" content=\"A Debrecen Business Service Centers Kerekasztal egy egy\u00fcttm\u0171k\u00f6d\u00e9si meg\u00e1llapod\u00e1s Debrecenben jelen l\u00e9v\u0151 \u00fczelti szolg\u00e1ltat\u00f3 szektorban akt\u00edv c\u00e9gek k\u00f6z\u00f6tt.\" \/>\n<meta property=\"og:url\" content=\"https:\/\/bscdebrecen.com\/hu\/2020\/10\/06\/atadtak-a-debreceni-egyetem-informatikai-kar-vadonatuj-az-epam-tamogatasaval-felszerelt-korszeru-szamitogeptermet\/\" \/>\n<meta property=\"og:site_name\" content=\"DEBRECEN BUSINESS SERVICE CENTERS\" \/>\n<meta property=\"article:publisher\" content=\"https:\/\/www.facebook.com\/debrecenbsc\/\" \/>\n<meta property=\"article:published_time\" content=\"2020-10-06T07:00:00+00:00\" \/>\n<meta property=\"article:modified_time\" content=\"2020-10-16T06:20:51+00:00\" \/>\n<meta property=\"og:image\" content=\"https:\/\/bscdebrecen.com\/wp-content\/uploads\/2020\/10\/DEIK20200922-11-1024x683.jpg\" \/>\n\t<meta property=\"og:image:width\" content=\"1024\" \/>\n\t<meta property=\"og:image:height\" content=\"683\" \/>\n\t<meta property=\"og:image:type\" content=\"image\/jpeg\" \/>\n<meta name=\"author\" content=\"Business Service Centers Debrecen\" \/>\n<meta name=\"twitter:card\" content=\"summary_large_image\" \/>\n<meta name=\"twitter:label1\" content=\"Szerz\u0151:\" \/>\n\t<meta name=\"twitter:data1\" content=\"Business Service Centers Debrecen\" \/>\n\t<meta name=\"twitter:label2\" content=\"Becs\u00fclt olvas\u00e1si id\u0151\" \/>\n\t<meta name=\"twitter:data2\" content=\"5 perc\" \/>\n<script type=\"application\/ld+json\" class=\"yoast-schema-graph\">{\"@context\":\"https:\\\/\\\/schema.org\",\"@graph\":[{\"@type\":\"Article\",\"@id\":\"https:\\\/\\\/bscdebrecen.com\\\/hu\\\/2020\\\/10\\\/06\\\/atadtak-a-debreceni-egyetem-informatikai-kar-vadonatuj-az-epam-tamogatasaval-felszerelt-korszeru-szamitogeptermet\\\/#article\",\"isPartOf\":{\"@id\":\"https:\\\/\\\/bscdebrecen.com\\\/hu\\\/2020\\\/10\\\/06\\\/atadtak-a-debreceni-egyetem-informatikai-kar-vadonatuj-az-epam-tamogatasaval-felszerelt-korszeru-szamitogeptermet\\\/\"},\"author\":{\"name\":\"Business Service Centers Debrecen\",\"@id\":\"https:\\\/\\\/bscdebrecen.com\\\/#\\\/schema\\\/person\\\/337b9d14191626b1cfd1325d42b56f0a\"},\"headline\":\"\u00c1TADT\u00c1K A DEBRECENI EGYETEM INFORMATIKAI KAR VADONAT\u00daJ, AZ EPAM T\u00c1MOGAT\u00c1S\u00c1VAL FELSZERELT KORSZER\u0170 SZ\u00c1M\u00cdT\u00d3G\u00c9PTERM\u00c9T\",\"datePublished\":\"2020-10-06T07:00:00+00:00\",\"dateModified\":\"2020-10-16T06:20:51+00:00\",\"mainEntityOfPage\":{\"@id\":\"https:\\\/\\\/bscdebrecen.com\\\/hu\\\/2020\\\/10\\\/06\\\/atadtak-a-debreceni-egyetem-informatikai-kar-vadonatuj-az-epam-tamogatasaval-felszerelt-korszeru-szamitogeptermet\\\/\"},\"wordCount\":973,\"publisher\":{\"@id\":\"https:\\\/\\\/bscdebrecen.com\\\/#organization\"},\"image\":{\"@id\":\"https:\\\/\\\/bscdebrecen.com\\\/hu\\\/2020\\\/10\\\/06\\\/atadtak-a-debreceni-egyetem-informatikai-kar-vadonatuj-az-epam-tamogatasaval-felszerelt-korszeru-szamitogeptermet\\\/#primaryimage\"},\"thumbnailUrl\":\"https:\\\/\\\/i0.wp.com\\\/bscdebrecen.com\\\/wp-content\\\/uploads\\\/2020\\\/10\\\/DEIK20200922-11.jpg?fit=5243%2C3495&ssl=1\",\"keywords\":[\"\u00fczleti szolg\u00e1ltat\u00f3 szektor\",\"dbsc\",\"dbsc kerekasztal\",\"debrecenbsc\",\"debreceni egyetem\",\"debreceni egyetem informatikai kar\",\"epam\",\"informatikai kar\",\"kerekasztal\",\"sz\u00e1m\u00edt\u00f3g\u00e9pterem\"],\"articleSection\":[\"Uncategorized\"],\"inLanguage\":\"hu\"},{\"@type\":\"WebPage\",\"@id\":\"https:\\\/\\\/bscdebrecen.com\\\/hu\\\/2020\\\/10\\\/06\\\/atadtak-a-debreceni-egyetem-informatikai-kar-vadonatuj-az-epam-tamogatasaval-felszerelt-korszeru-szamitogeptermet\\\/\",\"url\":\"https:\\\/\\\/bscdebrecen.com\\\/hu\\\/2020\\\/10\\\/06\\\/atadtak-a-debreceni-egyetem-informatikai-kar-vadonatuj-az-epam-tamogatasaval-felszerelt-korszeru-szamitogeptermet\\\/\",\"name\":\"\u00c1TADT\u00c1K A DEBRECENI EGYETEM INFORMATIKAI KAR VADONAT\u00daJ, AZ EPAM T\u00c1MOGAT\u00c1S\u00c1VAL FELSZERELT KORSZER\u0170 SZ\u00c1M\u00cdT\u00d3G\u00c9PTERM\u00c9T &#8211; DEBRECEN BUSINESS SERVICE CENTERS\",\"isPartOf\":{\"@id\":\"https:\\\/\\\/bscdebrecen.com\\\/#website\"},\"primaryImageOfPage\":{\"@id\":\"https:\\\/\\\/bscdebrecen.com\\\/hu\\\/2020\\\/10\\\/06\\\/atadtak-a-debreceni-egyetem-informatikai-kar-vadonatuj-az-epam-tamogatasaval-felszerelt-korszeru-szamitogeptermet\\\/#primaryimage\"},\"image\":{\"@id\":\"https:\\\/\\\/bscdebrecen.com\\\/hu\\\/2020\\\/10\\\/06\\\/atadtak-a-debreceni-egyetem-informatikai-kar-vadonatuj-az-epam-tamogatasaval-felszerelt-korszeru-szamitogeptermet\\\/#primaryimage\"},\"thumbnailUrl\":\"https:\\\/\\\/i0.wp.com\\\/bscdebrecen.com\\\/wp-content\\\/uploads\\\/2020\\\/10\\\/DEIK20200922-11.jpg?fit=5243%2C3495&ssl=1\",\"datePublished\":\"2020-10-06T07:00:00+00:00\",\"dateModified\":\"2020-10-16T06:20:51+00:00\",\"description\":\"A Debrecen Business Service Centers Kerekasztal egy egy\u00fcttm\u0171k\u00f6d\u00e9si meg\u00e1llapod\u00e1s Debrecenben jelen l\u00e9v\u0151 \u00fczelti szolg\u00e1ltat\u00f3 szektorban akt\u00edv c\u00e9gek k\u00f6z\u00f6tt.\",\"breadcrumb\":{\"@id\":\"https:\\\/\\\/bscdebrecen.com\\\/hu\\\/2020\\\/10\\\/06\\\/atadtak-a-debreceni-egyetem-informatikai-kar-vadonatuj-az-epam-tamogatasaval-felszerelt-korszeru-szamitogeptermet\\\/#breadcrumb\"},\"inLanguage\":\"hu\",\"potentialAction\":[{\"@type\":\"ReadAction\",\"target\":[\"https:\\\/\\\/bscdebrecen.com\\\/hu\\\/2020\\\/10\\\/06\\\/atadtak-a-debreceni-egyetem-informatikai-kar-vadonatuj-az-epam-tamogatasaval-felszerelt-korszeru-szamitogeptermet\\\/\"]}]},{\"@type\":\"ImageObject\",\"inLanguage\":\"hu\",\"@id\":\"https:\\\/\\\/bscdebrecen.com\\\/hu\\\/2020\\\/10\\\/06\\\/atadtak-a-debreceni-egyetem-informatikai-kar-vadonatuj-az-epam-tamogatasaval-felszerelt-korszeru-szamitogeptermet\\\/#primaryimage\",\"url\":\"https:\\\/\\\/i0.wp.com\\\/bscdebrecen.com\\\/wp-content\\\/uploads\\\/2020\\\/10\\\/DEIK20200922-11.jpg?fit=5243%2C3495&ssl=1\",\"contentUrl\":\"https:\\\/\\\/i0.wp.com\\\/bscdebrecen.com\\\/wp-content\\\/uploads\\\/2020\\\/10\\\/DEIK20200922-11.jpg?fit=5243%2C3495&ssl=1\",\"width\":5243,\"height\":3495},{\"@type\":\"BreadcrumbList\",\"@id\":\"https:\\\/\\\/bscdebrecen.com\\\/hu\\\/2020\\\/10\\\/06\\\/atadtak-a-debreceni-egyetem-informatikai-kar-vadonatuj-az-epam-tamogatasaval-felszerelt-korszeru-szamitogeptermet\\\/#breadcrumb\",\"itemListElement\":[{\"@type\":\"ListItem\",\"position\":1,\"name\":\"Home\",\"item\":\"https:\\\/\\\/bscdebrecen.com\\\/\"},{\"@type\":\"ListItem\",\"position\":2,\"name\":\"\u00c1TADT\u00c1K A DEBRECENI EGYETEM INFORMATIKAI KAR VADONAT\u00daJ, AZ EPAM T\u00c1MOGAT\u00c1S\u00c1VAL FELSZERELT KORSZER\u0170 SZ\u00c1M\u00cdT\u00d3G\u00c9PTERM\u00c9T\"}]},{\"@type\":\"WebSite\",\"@id\":\"https:\\\/\\\/bscdebrecen.com\\\/#website\",\"url\":\"https:\\\/\\\/bscdebrecen.com\\\/\",\"name\":\"DEBRECEN BUSINESS SERVICE CENTERS\",\"description\":\"Debrecen Business Service Centers Official Homepage\",\"publisher\":{\"@id\":\"https:\\\/\\\/bscdebrecen.com\\\/#organization\"},\"potentialAction\":[{\"@type\":\"SearchAction\",\"target\":{\"@type\":\"EntryPoint\",\"urlTemplate\":\"https:\\\/\\\/bscdebrecen.com\\\/?s={search_term_string}\"},\"query-input\":{\"@type\":\"PropertyValueSpecification\",\"valueRequired\":true,\"valueName\":\"search_term_string\"}}],\"inLanguage\":\"hu\"},{\"@type\":\"Organization\",\"@id\":\"https:\\\/\\\/bscdebrecen.com\\\/#organization\",\"name\":\"Debrecen Business Service Centers\",\"url\":\"https:\\\/\\\/bscdebrecen.com\\\/\",\"logo\":{\"@type\":\"ImageObject\",\"inLanguage\":\"hu\",\"@id\":\"https:\\\/\\\/bscdebrecen.com\\\/#\\\/schema\\\/logo\\\/image\\\/\",\"url\":\"https:\\\/\\\/i2.wp.com\\\/bscdebrecen.com\\\/wp-content\\\/uploads\\\/2020\\\/04\\\/dbsclogo.png?fit=1675%2C801&ssl=1\",\"contentUrl\":\"https:\\\/\\\/i2.wp.com\\\/bscdebrecen.com\\\/wp-content\\\/uploads\\\/2020\\\/04\\\/dbsclogo.png?fit=1675%2C801&ssl=1\",\"width\":1675,\"height\":801,\"caption\":\"Debrecen Business Service Centers\"},\"image\":{\"@id\":\"https:\\\/\\\/bscdebrecen.com\\\/#\\\/schema\\\/logo\\\/image\\\/\"},\"sameAs\":[\"https:\\\/\\\/www.facebook.com\\\/debrecenbsc\\\/\",\"https:\\\/\\\/www.linkedin.com\\\/company\\\/debrecenbsc\"]},{\"@type\":\"Person\",\"@id\":\"https:\\\/\\\/bscdebrecen.com\\\/#\\\/schema\\\/person\\\/337b9d14191626b1cfd1325d42b56f0a\",\"name\":\"Business Service Centers Debrecen\",\"image\":{\"@type\":\"ImageObject\",\"inLanguage\":\"hu\",\"@id\":\"https:\\\/\\\/secure.gravatar.com\\\/avatar\\\/024817fdd9228b691ca0bf713b5c4d5e877311ce34ea67982ec941d3012c5407?s=96&d=identicon&r=g\",\"url\":\"https:\\\/\\\/secure.gravatar.com\\\/avatar\\\/024817fdd9228b691ca0bf713b5c4d5e877311ce34ea67982ec941d3012c5407?s=96&d=identicon&r=g\",\"contentUrl\":\"https:\\\/\\\/secure.gravatar.com\\\/avatar\\\/024817fdd9228b691ca0bf713b5c4d5e877311ce34ea67982ec941d3012c5407?s=96&d=identicon&r=g\",\"caption\":\"Business Service Centers Debrecen\"}}]}<\/script>\n<!-- \/ Yoast SEO plugin. -->","yoast_head_json":{"title":"\u00c1TADT\u00c1K A DEBRECENI EGYETEM INFORMATIKAI KAR VADONAT\u00daJ, AZ EPAM T\u00c1MOGAT\u00c1S\u00c1VAL FELSZERELT KORSZER\u0170 SZ\u00c1M\u00cdT\u00d3G\u00c9PTERM\u00c9T &#8211; DEBRECEN BUSINESS SERVICE CENTERS","description":"A Debrecen Business Service Centers Kerekasztal egy egy\u00fcttm\u0171k\u00f6d\u00e9si meg\u00e1llapod\u00e1s Debrecenben jelen l\u00e9v\u0151 \u00fczelti szolg\u00e1ltat\u00f3 szektorban akt\u00edv c\u00e9gek k\u00f6z\u00f6tt.","robots":{"index":"index","follow":"follow","max-snippet":"max-snippet:-1","max-image-preview":"max-image-preview:large","max-video-preview":"max-video-preview:-1"},"canonical":"https:\/\/bscdebrecen.com\/hu\/2020\/10\/06\/atadtak-a-debreceni-egyetem-informatikai-kar-vadonatuj-az-epam-tamogatasaval-felszerelt-korszeru-szamitogeptermet\/","og_locale":"hu_HU","og_type":"article","og_title":"\u00c1TADT\u00c1K A DEBRECENI EGYETEM INFORMATIKAI KAR VADONAT\u00daJ, AZ EPAM T\u00c1MOGAT\u00c1S\u00c1VAL FELSZERELT KORSZER\u0170 SZ\u00c1M\u00cdT\u00d3G\u00c9PTERM\u00c9T &#8211; DEBRECEN BUSINESS SERVICE CENTERS","og_description":"A Debrecen Business Service Centers Kerekasztal egy egy\u00fcttm\u0171k\u00f6d\u00e9si meg\u00e1llapod\u00e1s Debrecenben jelen l\u00e9v\u0151 \u00fczelti szolg\u00e1ltat\u00f3 szektorban akt\u00edv c\u00e9gek k\u00f6z\u00f6tt.","og_url":"https:\/\/bscdebrecen.com\/hu\/2020\/10\/06\/atadtak-a-debreceni-egyetem-informatikai-kar-vadonatuj-az-epam-tamogatasaval-felszerelt-korszeru-szamitogeptermet\/","og_site_name":"DEBRECEN BUSINESS SERVICE CENTERS","article_publisher":"https:\/\/www.facebook.com\/debrecenbsc\/","article_published_time":"2020-10-06T07:00:00+00:00","article_modified_time":"2020-10-16T06:20:51+00:00","og_image":[{"width":1024,"height":683,"url":"https:\/\/bscdebrecen.com\/wp-content\/uploads\/2020\/10\/DEIK20200922-11-1024x683.jpg","type":"image\/jpeg"}],"author":"Business Service Centers Debrecen","twitter_card":"summary_large_image","twitter_misc":{"Szerz\u0151:":"Business Service Centers Debrecen","Becs\u00fclt olvas\u00e1si id\u0151":"5 perc"},"schema":{"@context":"https:\/\/schema.org","@graph":[{"@type":"Article","@id":"https:\/\/bscdebrecen.com\/hu\/2020\/10\/06\/atadtak-a-debreceni-egyetem-informatikai-kar-vadonatuj-az-epam-tamogatasaval-felszerelt-korszeru-szamitogeptermet\/#article","isPartOf":{"@id":"https:\/\/bscdebrecen.com\/hu\/2020\/10\/06\/atadtak-a-debreceni-egyetem-informatikai-kar-vadonatuj-az-epam-tamogatasaval-felszerelt-korszeru-szamitogeptermet\/"},"author":{"name":"Business Service Centers Debrecen","@id":"https:\/\/bscdebrecen.com\/#\/schema\/person\/337b9d14191626b1cfd1325d42b56f0a"},"headline":"\u00c1TADT\u00c1K A DEBRECENI EGYETEM INFORMATIKAI KAR VADONAT\u00daJ, AZ EPAM T\u00c1MOGAT\u00c1S\u00c1VAL FELSZERELT KORSZER\u0170 SZ\u00c1M\u00cdT\u00d3G\u00c9PTERM\u00c9T","datePublished":"2020-10-06T07:00:00+00:00","dateModified":"2020-10-16T06:20:51+00:00","mainEntityOfPage":{"@id":"https:\/\/bscdebrecen.com\/hu\/2020\/10\/06\/atadtak-a-debreceni-egyetem-informatikai-kar-vadonatuj-az-epam-tamogatasaval-felszerelt-korszeru-szamitogeptermet\/"},"wordCount":973,"publisher":{"@id":"https:\/\/bscdebrecen.com\/#organization"},"image":{"@id":"https:\/\/bscdebrecen.com\/hu\/2020\/10\/06\/atadtak-a-debreceni-egyetem-informatikai-kar-vadonatuj-az-epam-tamogatasaval-felszerelt-korszeru-szamitogeptermet\/#primaryimage"},"thumbnailUrl":"https:\/\/i0.wp.com\/bscdebrecen.com\/wp-content\/uploads\/2020\/10\/DEIK20200922-11.jpg?fit=5243%2C3495&ssl=1","keywords":["\u00fczleti szolg\u00e1ltat\u00f3 szektor","dbsc","dbsc kerekasztal","debrecenbsc","debreceni egyetem","debreceni egyetem informatikai kar","epam","informatikai kar","kerekasztal","sz\u00e1m\u00edt\u00f3g\u00e9pterem"],"articleSection":["Uncategorized"],"inLanguage":"hu"},{"@type":"WebPage","@id":"https:\/\/bscdebrecen.com\/hu\/2020\/10\/06\/atadtak-a-debreceni-egyetem-informatikai-kar-vadonatuj-az-epam-tamogatasaval-felszerelt-korszeru-szamitogeptermet\/","url":"https:\/\/bscdebrecen.com\/hu\/2020\/10\/06\/atadtak-a-debreceni-egyetem-informatikai-kar-vadonatuj-az-epam-tamogatasaval-felszerelt-korszeru-szamitogeptermet\/","name":"\u00c1TADT\u00c1K A DEBRECENI EGYETEM INFORMATIKAI KAR VADONAT\u00daJ, AZ EPAM T\u00c1MOGAT\u00c1S\u00c1VAL FELSZERELT KORSZER\u0170 SZ\u00c1M\u00cdT\u00d3G\u00c9PTERM\u00c9T &#8211; DEBRECEN BUSINESS SERVICE CENTERS","isPartOf":{"@id":"https:\/\/bscdebrecen.com\/#website"},"primaryImageOfPage":{"@id":"https:\/\/bscdebrecen.com\/hu\/2020\/10\/06\/atadtak-a-debreceni-egyetem-informatikai-kar-vadonatuj-az-epam-tamogatasaval-felszerelt-korszeru-szamitogeptermet\/#primaryimage"},"image":{"@id":"https:\/\/bscdebrecen.com\/hu\/2020\/10\/06\/atadtak-a-debreceni-egyetem-informatikai-kar-vadonatuj-az-epam-tamogatasaval-felszerelt-korszeru-szamitogeptermet\/#primaryimage"},"thumbnailUrl":"https:\/\/i0.wp.com\/bscdebrecen.com\/wp-content\/uploads\/2020\/10\/DEIK20200922-11.jpg?fit=5243%2C3495&ssl=1","datePublished":"2020-10-06T07:00:00+00:00","dateModified":"2020-10-16T06:20:51+00:00","description":"A Debrecen Business Service Centers Kerekasztal egy egy\u00fcttm\u0171k\u00f6d\u00e9si meg\u00e1llapod\u00e1s Debrecenben jelen l\u00e9v\u0151 \u00fczelti szolg\u00e1ltat\u00f3 szektorban akt\u00edv c\u00e9gek k\u00f6z\u00f6tt.","breadcrumb":{"@id":"https:\/\/bscdebrecen.com\/hu\/2020\/10\/06\/atadtak-a-debreceni-egyetem-informatikai-kar-vadonatuj-az-epam-tamogatasaval-felszerelt-korszeru-szamitogeptermet\/#breadcrumb"},"inLanguage":"hu","potentialAction":[{"@type":"ReadAction","target":["https:\/\/bscdebrecen.com\/hu\/2020\/10\/06\/atadtak-a-debreceni-egyetem-informatikai-kar-vadonatuj-az-epam-tamogatasaval-felszerelt-korszeru-szamitogeptermet\/"]}]},{"@type":"ImageObject","inLanguage":"hu","@id":"https:\/\/bscdebrecen.com\/hu\/2020\/10\/06\/atadtak-a-debreceni-egyetem-informatikai-kar-vadonatuj-az-epam-tamogatasaval-felszerelt-korszeru-szamitogeptermet\/#primaryimage","url":"https:\/\/i0.wp.com\/bscdebrecen.com\/wp-content\/uploads\/2020\/10\/DEIK20200922-11.jpg?fit=5243%2C3495&ssl=1","contentUrl":"https:\/\/i0.wp.com\/bscdebrecen.com\/wp-content\/uploads\/2020\/10\/DEIK20200922-11.jpg?fit=5243%2C3495&ssl=1","width":5243,"height":3495},{"@type":"BreadcrumbList","@id":"https:\/\/bscdebrecen.com\/hu\/2020\/10\/06\/atadtak-a-debreceni-egyetem-informatikai-kar-vadonatuj-az-epam-tamogatasaval-felszerelt-korszeru-szamitogeptermet\/#breadcrumb","itemListElement":[{"@type":"ListItem","position":1,"name":"Home","item":"https:\/\/bscdebrecen.com\/"},{"@type":"ListItem","position":2,"name":"\u00c1TADT\u00c1K A DEBRECENI EGYETEM INFORMATIKAI KAR VADONAT\u00daJ, AZ EPAM T\u00c1MOGAT\u00c1S\u00c1VAL FELSZERELT KORSZER\u0170 SZ\u00c1M\u00cdT\u00d3G\u00c9PTERM\u00c9T"}]},{"@type":"WebSite","@id":"https:\/\/bscdebrecen.com\/#website","url":"https:\/\/bscdebrecen.com\/","name":"DEBRECEN BUSINESS SERVICE CENTERS","description":"Debrecen Business Service Centers Official Homepage","publisher":{"@id":"https:\/\/bscdebrecen.com\/#organization"},"potentialAction":[{"@type":"SearchAction","target":{"@type":"EntryPoint","urlTemplate":"https:\/\/bscdebrecen.com\/?s={search_term_string}"},"query-input":{"@type":"PropertyValueSpecification","valueRequired":true,"valueName":"search_term_string"}}],"inLanguage":"hu"},{"@type":"Organization","@id":"https:\/\/bscdebrecen.com\/#organization","name":"Debrecen Business Service Centers","url":"https:\/\/bscdebrecen.com\/","logo":{"@type":"ImageObject","inLanguage":"hu","@id":"https:\/\/bscdebrecen.com\/#\/schema\/logo\/image\/","url":"https:\/\/i2.wp.com\/bscdebrecen.com\/wp-content\/uploads\/2020\/04\/dbsclogo.png?fit=1675%2C801&ssl=1","contentUrl":"https:\/\/i2.wp.com\/bscdebrecen.com\/wp-content\/uploads\/2020\/04\/dbsclogo.png?fit=1675%2C801&ssl=1","width":1675,"height":801,"caption":"Debrecen Business Service Centers"},"image":{"@id":"https:\/\/bscdebrecen.com\/#\/schema\/logo\/image\/"},"sameAs":["https:\/\/www.facebook.com\/debrecenbsc\/","https:\/\/www.linkedin.com\/company\/debrecenbsc"]},{"@type":"Person","@id":"https:\/\/bscdebrecen.com\/#\/schema\/person\/337b9d14191626b1cfd1325d42b56f0a","name":"Business Service Centers Debrecen","image":{"@type":"ImageObject","inLanguage":"hu","@id":"https:\/\/secure.gravatar.com\/avatar\/024817fdd9228b691ca0bf713b5c4d5e877311ce34ea67982ec941d3012c5407?s=96&d=identicon&r=g","url":"https:\/\/secure.gravatar.com\/avatar\/024817fdd9228b691ca0bf713b5c4d5e877311ce34ea67982ec941d3012c5407?s=96&d=identicon&r=g","contentUrl":"https:\/\/secure.gravatar.com\/avatar\/024817fdd9228b691ca0bf713b5c4d5e877311ce34ea67982ec941d3012c5407?s=96&d=identicon&r=g","caption":"Business Service Centers Debrecen"}}]}},"jetpack_publicize_connections":[],"jetpack_likes_enabled":false,"jetpack_sharing_enabled":true,"jetpack_shortlink":"https:\/\/wp.me\/pbikbL-pT","amp_enabled":true,"jetpack_featured_media_url":"https:\/\/i0.wp.com\/bscdebrecen.com\/wp-content\/uploads\/2020\/10\/DEIK20200922-11.jpg?fit=5243%2C3495&ssl=1","_links":{"self":[{"href":"https:\/\/bscdebrecen.com\/hu\/wp-json\/wp\/v2\/posts\/1605","targetHints":{"allow":["GET"]}}],"collection":[{"href":"https:\/\/bscdebrecen.com\/hu\/wp-json\/wp\/v2\/posts"}],"about":[{"href":"https:\/\/bscdebrecen.com\/hu\/wp-json\/wp\/v2\/types\/post"}],"author":[{"embeddable":true,"href":"https:\/\/bscdebrecen.com\/hu\/wp-json\/wp\/v2\/users\/180967774"}],"replies":[{"embeddable":true,"href":"https:\/\/bscdebrecen.com\/hu\/wp-json\/wp\/v2\/comments?post=1605"}],"version-history":[{"count":7,"href":"https:\/\/bscdebrecen.com\/hu\/wp-json\/wp\/v2\/posts\/1605\/revisions"}],"predecessor-version":[{"id":1616,"href":"https:\/\/bscdebrecen.com\/hu\/wp-json\/wp\/v2\/posts\/1605\/revisions\/1616"}],"wp:featuredmedia":[{"embeddable":true,"href":"https:\/\/bscdebrecen.com\/hu\/wp-json\/wp\/v2\/media\/1606"}],"wp:attachment":[{"href":"https:\/\/bscdebrecen.com\/hu\/wp-json\/wp\/v2\/media?parent=1605"}],"wp:term":[{"taxonomy":"category","embeddable":true,"href":"https:\/\/bscdebrecen.com\/hu\/wp-json\/wp\/v2\/categories?post=1605"},{"taxonomy":"post_tag","embeddable":true,"href":"https:\/\/bscdebrecen.com\/hu\/wp-json\/wp\/v2\/tags?post=1605"}],"curies":[{"name":"wp","href":"https:\/\/api.w.org\/{rel}","templated":true}]}}